{"id":19461,"date":"2020-08-13T20:15:33","date_gmt":"2020-08-13T19:15:33","guid":{"rendered":"http:\/\/pmdm.fr\/wp\/?p=19461"},"modified":"2020-08-13T20:15:36","modified_gmt":"2020-08-13T19:15:36","slug":"actupi-revue-de-presse-du-pmdm-du-13-aout-2020","status":"publish","type":"post","link":"http:\/\/pmdm.fr\/wp\/2020\/08\/actupi-revue-de-presse-du-pmdm-du-13-aout-2020\/","title":{"rendered":"#ActuPI : revue de presse du pMdM du 13 ao\u00fbt 2020"},"content":{"rendered":"\n<p class=\"wp-block-paragraph\">Voici notre moisson de liens et d&rsquo;articles au 13 ao\u00fbt 2020 : <\/p>\n\n\n\n<hr class=\"wp-block-separator\">\n\n<div class=\"pocket-post\">\n\n<h3>\n<a href=\"https:\/\/www.boredpanda.com\/famous-brands-logotype-fonts-emanuele-abrate\/\" target=\"_blank\" rel=\"noopener noreferrer\">Famous Logos Redesigned As Fonts By Emanuele Abrate (58 Pics)<\/a>\n<\/h3>\n\n<div class=\"pocket-thumbnail\" style=\"float:left;margin:50px\">\n<a href=\"https:\/\/www.boredpanda.com\/famous-brands-logotype-fonts-emanuele-abrate\/\" target=\"_blank\" rel=\"noopener noreferrer\"><img decoding=\"async\" src=\"\/\/image.thum.io\/get\/width\/300\/crop\/600\/https:\/\/www.boredpanda.com\/famous-brands-logotype-fonts-emanuele-abrate\/\" alt=\"Famous Logos Redesigned As Fonts By Emanuele Abrate (58 Pics)\"><\/a>\n<\/div>\n\n<div class=\"pocket-title\">\n<span class=\"vw-super-title\">\nPubli\u00e9 sur <a href=\"http:\/\/www.boredpanda.com\" target=\"_blank\" rel=\"noopener noreferrer\">Bored Panda<\/a>\n<\/span>\n<\/div>\n\n<div class=\"pocket-excerpt\">\n<br>\nThe Italian graphic designer, or logo guru, as one might say, Emanuele Abrate, shows what fonts some of the most popular brands chose to represent them by replacing names in logos with logo fonts.\n<\/div>\n<div style=\"clear:both\"><\/div>\n\n<\/div> <hr class=\"wp-block-separator\">\n\n<div class=\"pocket-post\">\n\n<h3>\n<a href=\"https:\/\/howbrandsarebuilt.com\/podcast\/\" target=\"_blank\" rel=\"noopener noreferrer\">How brands are built: All podcast episodes<\/a>\n<\/h3>\n\n<div class=\"pocket-thumbnail\" style=\"float:left;margin:50px\">\n<a href=\"https:\/\/howbrandsarebuilt.com\/podcast\/\" target=\"_blank\" rel=\"noopener noreferrer\"><img decoding=\"async\" src=\"\/\/image.thum.io\/get\/width\/300\/crop\/600\/https:\/\/howbrandsarebuilt.com\/podcast\/\" alt=\"All podcast episodes\"><\/a>\n<\/div>\n\n<div class=\"pocket-title\">\n<span class=\"vw-super-title\">\nPubli\u00e9 sur <a href=\"https:\/\/howbrandsarebuilt.com\" target=\"_blank\" rel=\"noopener noreferrer\">How Brands Are Built<\/a>\n<\/span>\n<\/div>\n\n<div class=\"pocket-excerpt\">\n<br>\nBe the first to know about new podcast episodes and blog posts.\n<\/div>\n<div style=\"clear:both\"><\/div>\n\n<\/div> <hr class=\"wp-block-separator\">\n\n<div class=\"pocket-post\">\n\n<h3>\n<a href=\"https:\/\/www.huffingtonpost.fr\/entry\/ils-accusent-fortnite-de-leur-avoir-vole-leurs-pas-de-danse_fr_5f3266a5c5b64cc99fddf014\" target=\"_blank\" rel=\"noopener noreferrer\">Ils accusent Fortnite de leur avoir vol\u00e9 leurs pas de danse<\/a>\n<\/h3>\n\n<div class=\"pocket-thumbnail\" style=\"float:left;margin:50px\">\n<a href=\"https:\/\/www.huffingtonpost.fr\/entry\/ils-accusent-fortnite-de-leur-avoir-vole-leurs-pas-de-danse_fr_5f3266a5c5b64cc99fddf014\" target=\"_blank\" rel=\"noopener noreferrer\"><img decoding=\"async\" src=\"\/\/image.thum.io\/get\/width\/300\/crop\/600\/https:\/\/www.huffingtonpost.fr\/entry\/ils-accusent-fortnite-de-leur-avoir-vole-leurs-pas-de-danse_fr_5f3266a5c5b64cc99fddf014\" alt=\"Ils accusent Fortnite de leur avoir vol\u00e9 leurs pas de danse\"><\/a>\n<\/div>\n\n<div class=\"pocket-title\">\n<span class=\"vw-super-title\">\nPubli\u00e9 sur <a href=\"http:\/\/www.aol.com\" target=\"_blank\" rel=\"noopener noreferrer\">Le Huffington Post<\/a>\n<\/span>\n<\/div>\n\n<div class=\"pocket-excerpt\">\n<br>\nTIKTOK &#8211; Copie conforme. Depuis le confinement, TikTok rencontre un v\u00e9ritable succ\u00e8s et pas seulement aupr\u00e8s des adolescents. Si les danses sont encore la th\u00e9matique de pr\u00e9dilection de la plateforme, d\u2019autres contenus sont de plus en plus partag\u00e9s.\n<\/div>\n<div style=\"clear:both\"><\/div>\n\n<\/div> <hr class=\"wp-block-separator\">\n\n<div class=\"pocket-post\">\n\n<h3>\n<a href=\"https:\/\/www.institutboufflers.org\/commentaire-de-la-decision-brompton-bicycle-ltd-c-chedech-get2get-cjue-11-juin-2020-aff-c-833-18-beaucoup-de-bruit-pour-rien-patrice-de-cande\/\" target=\"_blank\" rel=\"noopener noreferrer\">Commentaire de la d\u00e9cision Brompton Bicycle Ltd c. Chedech\/Get2Get (CJUE, 11 juin 2020, aff. C-833\/18) : beaucoup de bruit pour rien ? \u2013 Patrice de Cand\u00e9<\/a>\n<\/h3>\n\n<div class=\"pocket-thumbnail\" style=\"float:left;margin:50px\">\n<a href=\"https:\/\/www.institutboufflers.org\/commentaire-de-la-decision-brompton-bicycle-ltd-c-chedech-get2get-cjue-11-juin-2020-aff-c-833-18-beaucoup-de-bruit-pour-rien-patrice-de-cande\/\" target=\"_blank\" rel=\"noopener noreferrer\"><img decoding=\"async\" src=\"\/\/image.thum.io\/get\/width\/300\/crop\/600\/https:\/\/www.institutboufflers.org\/commentaire-de-la-decision-brompton-bicycle-ltd-c-chedech-get2get-cjue-11-juin-2020-aff-c-833-18-beaucoup-de-bruit-pour-rien-patrice-de-cande\/\" alt=\"Commentaire de la d\u00e9cision Brompton Bicycle Ltd c. Chedech\/Get2Get (CJUE, 11 juin 2020, aff. C-833\/18) : beaucoup de bruit pour rien ? \u2013 Patrice de Cand\u00e9\"><\/a>\n<\/div>\n\n<div class=\"pocket-title\">\n<span class=\"vw-super-title\">\nPubli\u00e9 sur <a href=\"https:\/\/www.institutboufflers.org\" target=\"_blank\" rel=\"noopener noreferrer\">Institut Stanislas de Boufflers<\/a>\n<\/span>\n<\/div>\n\n<div class=\"pocket-excerpt\">\n<br>\nSi l\u2019arr\u00eat rendu le 11 juin 2020 par la Cour de justice de l\u2019Union europ\u00e9enne ne va pas donner beaucoup d\u2019\u00e9l\u00e9ments au tribunal de Li\u00e8ge qui l\u2019avait interrog\u00e9e pour lui permettre de trancher le litige opposant la soci\u00e9t\u00e9 Brompton Bicycle Ltd \u00e0 la soci\u00e9t\u00e9 Chedech\/Get2GEt, il permett\n<\/div>\n<div style=\"clear:both\"><\/div>\n\n<\/div> <hr class=\"wp-block-separator\">\n\n<div class=\"pocket-post\">\n\n<h3>\n<a href=\"https:\/\/www.msn.com\/fr-fr\/actualite\/insolite\/chocolat-ritter-sport-garde-l-exclusivit%C3%A9-sur-le-carr%C3%A9-selon-la-justice-allemande\/ar-BB176nIW\" target=\"_blank\" rel=\"noopener noreferrer\">Chocolat: Ritter Sport garde l&rsquo;exclusivit\u00e9 sur le carr\u00e9, selon la justice allemande<\/a>\n<\/h3>\n\n<div class=\"pocket-thumbnail\" style=\"float:left;margin:50px\">\n<a href=\"https:\/\/www.msn.com\/fr-fr\/actualite\/insolite\/chocolat-ritter-sport-garde-l-exclusivit%C3%A9-sur-le-carr%C3%A9-selon-la-justice-allemande\/ar-BB176nIW\" target=\"_blank\" rel=\"noopener noreferrer\"><img decoding=\"async\" src=\"\/\/image.thum.io\/get\/width\/300\/crop\/600\/https:\/\/www.msn.com\/fr-fr\/actualite\/insolite\/chocolat-ritter-sport-garde-l-exclusivit%C3%A9-sur-le-carr%C3%A9-selon-la-justice-allemande\/ar-BB176nIW\" alt=\"Chocolat: Ritter Sport garde l'exclusivit\u00e9 sur le carr\u00e9, selon la justice allemande\"><\/a>\n<\/div>\n\n<div class=\"pocket-title\">\n<span class=\"vw-super-title\">\nPubli\u00e9 sur <a href=\"http:\/\/www.msn.com\/\" target=\"_blank\" rel=\"noopener noreferrer\">MSN.com &#8211; Hotmail, Outlook, Skype, Bing, Latest News, Photos &#038; Videos<\/a>\n<\/span>\n<\/div>\n\n<div class=\"pocket-excerpt\">\n<br>\nLe producteur de barres chocolat\u00e9es Ritter Sport a remport\u00e9 jeudi une victoire d\u00e9cisive devant la justice allemande, lui permettant de garder le monopole sur la forme carr\u00e9e caract\u00e9ristique de ses chocolats, que lui contestait son concurrent am\u00e9ricain Milka.\n<\/div>\n<div style=\"clear:both\"><\/div>\n\n<\/div> <hr class=\"wp-block-separator\">\n\n<div class=\"pocket-post\">\n\n<h3>\n<a href=\"https:\/\/www.lesnumeriques.com\/vie-du-net\/une-petition-pour-empecher-apple-d-attaquer-les-autres-entreprises-fruitees-n153251.html\" target=\"_blank\" rel=\"noopener noreferrer\">Une p\u00e9tition pour emp\u00eacher Apple d&rsquo;attaquer les autres entreprises fruit\u00e9es<\/a>\n<\/h3>\n\n<div class=\"pocket-thumbnail\" style=\"float:left;margin:50px\">\n<a href=\"https:\/\/www.lesnumeriques.com\/vie-du-net\/une-petition-pour-empecher-apple-d-attaquer-les-autres-entreprises-fruitees-n153251.html\" target=\"_blank\" rel=\"noopener noreferrer\"><img decoding=\"async\" src=\"\/\/image.thum.io\/get\/width\/300\/crop\/600\/https:\/\/www.lesnumeriques.com\/vie-du-net\/une-petition-pour-empecher-apple-d-attaquer-les-autres-entreprises-fruitees-n153251.html\" alt=\"Une p\u00e9tition pour emp\u00eacher Apple d'attaquer les autres entreprises fruit\u00e9es\"><\/a>\n<\/div>\n\n<div class=\"pocket-title\">\n<span class=\"vw-super-title\">\nPubli\u00e9 sur <a href=\"https:\/\/www.lesnumeriques.com\/\" target=\"_blank\" rel=\"noopener noreferrer\">Les Num\u00e9riques<\/a>\n<\/span>\n<\/div>\n\n<div class=\"pocket-excerpt\">\n<br>\nMoiti\u00e9 machine \u00e0 \u00e9crire, moiti\u00e9 machine \u00e0 caf\u00e9, Mathieu a le ctrl soyeux et la maj facile. A peu pr\u00e8s sportif, adepte de l&rsquo;humour approximatif et v\u00e9g\u00e9tarien par intermittence, il aime (presque) aller au bout des choses\n<\/div>\n<div style=\"clear:both\"><\/div>\n\n<\/div> <hr class=\"wp-block-separator\">\n\n<div class=\"pocket-post\">\n\n<h3>\n<a href=\"https:\/\/journals.openedition.org\/corela\/1198\" target=\"_blank\" rel=\"noopener noreferrer\">Quel traitement lexicographique de l\u2019onomastique commerciale ? Pour&#8230;<\/a>\n<\/h3>\n\n<div class=\"pocket-thumbnail\" style=\"float:left;margin:50px\">\n<a href=\"https:\/\/journals.openedition.org\/corela\/1198\" target=\"_blank\" rel=\"noopener noreferrer\"><img decoding=\"async\" src=\"\/\/image.thum.io\/get\/width\/300\/crop\/600\/https:\/\/journals.openedition.org\/corela\/1198\" alt=\"Quel traitement lexicographique de l\u2019onomastique commerciale ? Pour...\"><\/a>\n<\/div>\n\n<div class=\"pocket-title\">\n<span class=\"vw-super-title\">\nPubli\u00e9 sur <a href=\"http:\/\/journals.openedition.org\/corela\" target=\"_blank\" rel=\"noopener noreferrer\">Corela<\/a>\n<\/span>\n<\/div>\n\n<div class=\"pocket-excerpt\">\n<br>\nBosredon, Bernard (1997), Les titres de tableaux. Une pragmatique de l\u2019identification, PUF. Botton, Marcel &#038; Jean-Jack Cegarra (1990), Le nom de marque. Cr\u00e9ation et strat\u00e9gies de marque, Paris, Ediscience International.\n<\/div>\n<div style=\"clear:both\"><\/div>\n\n<\/div> <hr class=\"wp-block-separator\">\n\n<div class=\"pocket-post\">\n\n<h3>\n<a href=\"https:\/\/www.boursorama.com\/bourse\/actualites\/bataille-de-marques-entre-exane-et-un-cgp-a-l-inpi-e2db69ccd6048dda0deac701ce7886fd\" target=\"_blank\" rel=\"noopener noreferrer\">Bataille de marques entre Exane et un CGP \u00e0 l&rsquo;INPI<\/a>\n<\/h3>\n\n<div class=\"pocket-thumbnail\" style=\"float:left;margin:50px\">\n<a href=\"https:\/\/www.boursorama.com\/bourse\/actualites\/bataille-de-marques-entre-exane-et-un-cgp-a-l-inpi-e2db69ccd6048dda0deac701ce7886fd\" target=\"_blank\" rel=\"noopener noreferrer\"><img decoding=\"async\" src=\"\/\/image.thum.io\/get\/width\/300\/crop\/600\/https:\/\/www.boursorama.com\/bourse\/actualites\/bataille-de-marques-entre-exane-et-un-cgp-a-l-inpi-e2db69ccd6048dda0deac701ce7886fd\" alt=\"Bataille de marques entre Exane et un CGP \u00e0 l'INPI\"><\/a>\n<\/div>\n\n<div class=\"pocket-title\">\n<span class=\"vw-super-title\">\nPubli\u00e9 sur <a href=\"https:\/\/www.boursorama.com\" target=\"_blank\" rel=\"noopener noreferrer\">Boursorama<\/a>\n<\/span>\n<\/div>\n\n<div class=\"pocket-excerpt\">\n<br>\n(NEWSManagers.com) &#8211; Il aura suffi d&rsquo;un nom pour d\u00e9clencher une bataille de marques entre la soci\u00e9t\u00e9 de gestion Exane Asset Management et le cabinet de gestion de patrimoine fra\u00eechement cr\u00e9\u00e9 Ceres Gestion Patrimoniale devant l&rsquo;Institut national de la propri\u00e9t\u00e9 industrielle.\n<\/div>\n<div style=\"clear:both\"><\/div>\n\n<\/div> <hr class=\"wp-block-separator\">\n\n<div class=\"pocket-post\">\n\n<h3>\n<a href=\"https:\/\/www.lesnumeriques.com\/vie-du-net\/blogger-quand-google-perd-le-controle-d-un-domaine-et-ne-se-presse-pas-pour-reparer-n152605.html\" target=\"_blank\" rel=\"noopener noreferrer\">Blogger : quand Google perd le contr\u00f4le d&rsquo;un domaine et ne se presse pas pour r\u00e9parer<\/a>\n<\/h3>\n\n<div class=\"pocket-thumbnail\" style=\"float:left;margin:50px\">\n<a href=\"https:\/\/www.lesnumeriques.com\/vie-du-net\/blogger-quand-google-perd-le-controle-d-un-domaine-et-ne-se-presse-pas-pour-reparer-n152605.html\" target=\"_blank\" rel=\"noopener noreferrer\"><img decoding=\"async\" src=\"\/\/image.thum.io\/get\/width\/300\/crop\/600\/https:\/\/www.lesnumeriques.com\/vie-du-net\/blogger-quand-google-perd-le-controle-d-un-domaine-et-ne-se-presse-pas-pour-reparer-n152605.html\" alt=\"Blogger : quand Google perd le contr\u00f4le d'un domaine et ne se presse pas pour r\u00e9parer\"><\/a>\n<\/div>\n\n<div class=\"pocket-title\">\n<span class=\"vw-super-title\">\nPubli\u00e9 sur <a href=\"https:\/\/www.lesnumeriques.com\/\" target=\"_blank\" rel=\"noopener noreferrer\">Les Num\u00e9riques<\/a>\n<\/span>\n<\/div>\n\n<div class=\"pocket-excerpt\">\n<br>\nR\u00e9dacteur not\u00e9 3 \u00e9toiles lors de son test. Tr\u00e8s grande autonomie, mauvais en photo. Ergonomie correcte.\n<\/div>\n<div style=\"clear:both\"><\/div>\n\n<\/div> <hr class=\"wp-block-separator\">\n\n<div class=\"pocket-post\">\n\n<h3>\n<a href=\"https:\/\/www.smartmobility.lu\/actualites\/nissan-un-nouveau-logo-pour-un-nouvel-horizon\" target=\"_blank\" rel=\"noopener noreferrer\">Nissan : un nouveau logo pour un nouvel horizon<\/a>\n<\/h3>\n\n<div class=\"pocket-thumbnail\" style=\"float:left;margin:50px\">\n<a href=\"https:\/\/www.smartmobility.lu\/actualites\/nissan-un-nouveau-logo-pour-un-nouvel-horizon\" target=\"_blank\" rel=\"noopener noreferrer\"><img decoding=\"async\" src=\"\/\/image.thum.io\/get\/width\/300\/crop\/600\/https:\/\/www.smartmobility.lu\/actualites\/nissan-un-nouveau-logo-pour-un-nouvel-horizon\" alt=\"Nissan : un nouveau logo pour un nouvel horizon\"><\/a>\n<\/div>\n\n<div class=\"pocket-title\">\n<span class=\"vw-super-title\">\nPubli\u00e9 sur <a href=\"https:\/\/www.smartmobility.lu\" target=\"_blank\" rel=\"noopener noreferrer\">Actualit\u00e9s &#8211; Latest news | SmartMobility<\/a>\n<\/span>\n<\/div>\n\n<div class=\"pocket-excerpt\">\n<br>\nLe monde dans lequel nous vivons est plus connect\u00e9 que jamais et gr\u00e2ce \u00e0 internet les nouvelles g\u00e9n\u00e9rations se construisent avec un acc\u00e8s \u00e0 la connaissance et un potentiel d&rsquo;interactions incroyables. Nous vivons aujourd&rsquo;hui tout autant dans le monde physique que dans le monde num\u00e9rique.\n<\/div>\n<div style=\"clear:both\"><\/div>\n\n<\/div> <hr class=\"wp-block-separator\">\n\n<div class=\"pocket-post\">\n\n<h3>\n<a href=\"https:\/\/www.engage.hoganlovells.com\/knowledgeservices\/news\/china-new-draft-patent-law-what-to-expect-and-what-not-to-expect\" target=\"_blank\" rel=\"noopener noreferrer\">China: new Draft Patent Law\u2013 what to expect and what not to expect<\/a>\n<\/h3>\n\n<div class=\"pocket-thumbnail\" style=\"float:left;margin:50px\">\n<a href=\"https:\/\/www.engage.hoganlovells.com\/knowledgeservices\/news\/china-new-draft-patent-law-what-to-expect-and-what-not-to-expect\" target=\"_blank\" rel=\"noopener noreferrer\"><img decoding=\"async\" src=\"\/\/image.thum.io\/get\/width\/300\/crop\/600\/https:\/\/www.engage.hoganlovells.com\/knowledgeservices\/news\/china-new-draft-patent-law-what-to-expect-and-what-not-to-expect\" alt=\"China: new Draft Patent Law\u2013 what to expect and what not to expect\"><\/a>\n<\/div>\n\n<div class=\"pocket-title\">\n<span class=\"vw-super-title\">\nPubli\u00e9 sur <a href=\"https:\/\/www.engage.hoganlovells.com\" target=\"_blank\" rel=\"noopener noreferrer\"><\/a>\n<\/span>\n<\/div>\n\n<div class=\"pocket-excerpt\">\n<br>\nOn 6 July 2020, China&rsquo;s National People\u2019s Congress (NPC) released its latest Draft Patent Law for public comment (English translation available upon request), proposing, amongst other things, a patent linkage system, patent term extension for pharmaceutical patents, higher damages for patent infri\n<\/div>\n<div style=\"clear:both\"><\/div>\n\n<\/div> <hr class=\"wp-block-separator\">\n\n<div class=\"pocket-post\">\n\n<h3>\n<a href=\"https:\/\/www.thedomains.com\/2020\/07\/11\/googles-vs-google\/\" target=\"_blank\" rel=\"noopener noreferrer\">Googles can sue Google appeals court rules that SM Kids can sue Google<\/a>\n<\/h3>\n\n<div class=\"pocket-thumbnail\" style=\"float:left;margin:50px\">\n<a href=\"https:\/\/www.thedomains.com\/2020\/07\/11\/googles-vs-google\/\" target=\"_blank\" rel=\"noopener noreferrer\"><img decoding=\"async\" src=\"\/\/image.thum.io\/get\/width\/300\/crop\/600\/https:\/\/www.thedomains.com\/2020\/07\/11\/googles-vs-google\/\" alt=\"Googles can sue Google appeals court rules that SM Kids can sue Google\"><\/a>\n<\/div>\n\n<div class=\"pocket-title\">\n<span class=\"vw-super-title\">\nPubli\u00e9 sur <a href=\"https:\/\/www.thedomains.com\" target=\"_blank\" rel=\"noopener noreferrer\">TheDomains.com<\/a>\n<\/span>\n<\/div>\n\n<div class=\"pocket-excerpt\">\n<br>\nIt seems before the search juggernaut came along there was a children\u2019s company called Googles Children\u2019s Workshop. In 1997 they registered the trademark GOOGLES. They of course also registered the domain name Googles.com.\n<\/div>\n<div style=\"clear:both\"><\/div>\n\n<\/div> <hr class=\"wp-block-separator\">\n\n<div class=\"pocket-post\">\n\n<h3>\n<a href=\"https:\/\/www.moniteurautomobile.be\/actu-auto\/juridique\/ferrari-250-gto.html\" target=\"_blank\" rel=\"noopener noreferrer\">Juridique \/ Ferrari perd les droits sur le design de la 250 GTO<\/a>\n<\/h3>\n\n<div class=\"pocket-thumbnail\" style=\"float:left;margin:50px\">\n<a href=\"https:\/\/www.moniteurautomobile.be\/actu-auto\/juridique\/ferrari-250-gto.html\" target=\"_blank\" rel=\"noopener noreferrer\"><img decoding=\"async\" src=\"\/\/image.thum.io\/get\/width\/300\/crop\/600\/https:\/\/www.moniteurautomobile.be\/actu-auto\/juridique\/ferrari-250-gto.html\" alt=\"Juridique \/ Ferrari perd les droits sur le design de la 250 GTO\"><\/a>\n<\/div>\n\n<div class=\"pocket-title\">\n<span class=\"vw-super-title\">\nPubli\u00e9 sur <a href=\"https:\/\/www.moniteurautomobile.be\" target=\"_blank\" rel=\"noopener noreferrer\">Moniteur Automobile<\/a>\n<\/span>\n<\/div>\n\n<div class=\"pocket-excerpt\">\n<br>\nFerrari prot\u00e8ge son nom et sa renomm\u00e9e avec vigueur. Mais cette bataille juridique pour le design embl\u00e9matique de son ic\u00f4ne, la 250 GTO, elle l\u2019a perdue.\n<\/div>\n<div style=\"clear:both\"><\/div>\n\n<\/div> <hr class=\"wp-block-separator\">\n\n<div class=\"pocket-post\">\n\n<h3>\n<a href=\"https:\/\/www-leparisien-fr.cdn.ampproject.org\/c\/s\/www.leparisien.fr\/amp\/faits-divers\/contrefacon-lvmh-annonce-une-saisie-historique-de-plus-d-1-million-de-parfums-22-06-2020-8340150.php\" target=\"_blank\" rel=\"noopener noreferrer\">Contrefa\u00e7on de parfums : LVMH annonce une saisie \u00abhistorique\u00bb d\u20191 million de flacons<\/a>\n<\/h3>\n\n<div class=\"pocket-thumbnail\" style=\"float:left;margin:50px\">\n<a href=\"https:\/\/www-leparisien-fr.cdn.ampproject.org\/c\/s\/www.leparisien.fr\/amp\/faits-divers\/contrefacon-lvmh-annonce-une-saisie-historique-de-plus-d-1-million-de-parfums-22-06-2020-8340150.php\" target=\"_blank\" rel=\"noopener noreferrer\"><img decoding=\"async\" src=\"\/\/image.thum.io\/get\/width\/300\/crop\/600\/https:\/\/www-leparisien-fr.cdn.ampproject.org\/c\/s\/www.leparisien.fr\/amp\/faits-divers\/contrefacon-lvmh-annonce-une-saisie-historique-de-plus-d-1-million-de-parfums-22-06-2020-8340150.php\" alt=\"Contrefa\u00e7on de parfums : LVMH annonce une saisie \u00abhistorique\u00bb d\u20191 million de flacons\"><\/a>\n<\/div>\n\n<div class=\"pocket-title\">\n<span class=\"vw-super-title\">\nPubli\u00e9 sur <a href=\"https:\/\/www-leparisien-fr.cdn.ampproject.org\" target=\"_blank\" rel=\"noopener noreferrer\">leparisien.fr<\/a>\n<\/span>\n<\/div>\n\n<div class=\"pocket-excerpt\">\n<br>\nLe g\u00e9ant du luxe LVMH -propri\u00e9taire du Parisien- a annonc\u00e9 ce lundi une saisie \u00ab historique \u00bb de plus d&rsquo;un million de flacons de parfums contrefaits en Gr\u00e8ce, destin\u00e9s au march\u00e9 local.\n<\/div>\n<div style=\"clear:both\"><\/div>\n\n<\/div> <hr class=\"wp-block-separator\">\n\n<div class=\"pocket-post\">\n\n<h3>\n<a href=\"http:\/\/www.logo-designer.co\/photoshelter-reveals-new-logo-and-branding\/\" target=\"_blank\" rel=\"noopener noreferrer\">PhotoShelter Reveals New Logo and Branding<\/a>\n<\/h3>\n\n<div class=\"pocket-thumbnail\" style=\"float:left;margin:50px\">\n<a href=\"http:\/\/www.logo-designer.co\/photoshelter-reveals-new-logo-and-branding\/\" target=\"_blank\" rel=\"noopener noreferrer\"><img decoding=\"async\" src=\"\/\/image.thum.io\/get\/width\/300\/crop\/600\/http:\/\/www.logo-designer.co\/photoshelter-reveals-new-logo-and-branding\/\" alt=\"PhotoShelter Reveals New Logo and Branding\"><\/a>\n<\/div>\n\n<div class=\"pocket-title\">\n<span class=\"vw-super-title\">\nPubli\u00e9 sur <a href=\"http:\/\/www.logo-designer.co\" target=\"_blank\" rel=\"noopener noreferrer\">Logo Designer<\/a>\n<\/span>\n<\/div>\n\n<div class=\"pocket-excerpt\">\n<br>\nPhotoShelter, a web platform that enables professional photographers as well as creative teams to showcase, archive and sell their work, has announced a new brand framework and identity.\n<\/div>\n<div style=\"clear:both\"><\/div>\n\n<\/div> <hr class=\"wp-block-separator\">\n\n<div class=\"pocket-post\">\n\n<h3>\n<a href=\"https:\/\/www.designtagebuch.de\/australiens-nation-brand-steht-in-der-kritik-obwohl-das-design-noch-gar-nicht-verabschiedet-wurde\/\" target=\"_blank\" rel=\"noopener noreferrer\">Australiens Nation Brand steht in der Kritik, obwohl das Design noch gar nicht verabschiedet wurde<\/a>\n<\/h3>\n\n<div class=\"pocket-thumbnail\" style=\"float:left;margin:50px\">\n<a href=\"https:\/\/www.designtagebuch.de\/australiens-nation-brand-steht-in-der-kritik-obwohl-das-design-noch-gar-nicht-verabschiedet-wurde\/\" target=\"_blank\" rel=\"noopener noreferrer\"><img decoding=\"async\" src=\"\/\/image.thum.io\/get\/width\/300\/crop\/600\/https:\/\/www.designtagebuch.de\/australiens-nation-brand-steht-in-der-kritik-obwohl-das-design-noch-gar-nicht-verabschiedet-wurde\/\" alt=\"Australiens Nation Brand steht in der Kritik, obwohl das Design noch gar nicht verabschiedet wurde\"><\/a>\n<\/div>\n\n<div class=\"pocket-title\">\n<span class=\"vw-super-title\">\nPubli\u00e9 sur <a href=\"https:\/\/www.designtagebuch.de\" target=\"_blank\" rel=\"noopener noreferrer\">Design Tagebuch<\/a>\n<\/span>\n<\/div>\n\n<div class=\"pocket-excerpt\">\n<br>\nIn Australien regt sich Widerstand gegen die von der Regierung geplante Nation Brand. Das Logo der nationalen Marke ist an die \u00d6ffentlichkeit gelangt und wird von der lokalen Presse verrissen. Dabei sind die zugrundeliegenden Ideen und markenstrategischen Ans\u00e4tze nachvollziehbar und schl\u00fcssig.\n<\/div>\n<div style=\"clear:both\"><\/div>\n\n<\/div> <hr class=\"wp-block-separator\">\n\n<div class=\"pocket-post\">\n\n<h3>\n<a href=\"https:\/\/www.marks-iplaw.jp\/pandemic-japan-recession\/\" target=\"_blank\" rel=\"noopener noreferrer\">Trademark Applications Drop as Pandemic Pushes Japan into Recession<\/a>\n<\/h3>\n\n<div class=\"pocket-thumbnail\" style=\"float:left;margin:50px\">\n<a href=\"https:\/\/www.marks-iplaw.jp\/pandemic-japan-recession\/\" target=\"_blank\" rel=\"noopener noreferrer\"><img decoding=\"async\" src=\"\/\/image.thum.io\/get\/width\/300\/crop\/600\/https:\/\/www.marks-iplaw.jp\/pandemic-japan-recession\/\" alt=\"Trademark Applications Drop as Pandemic Pushes Japan into Recession\"><\/a>\n<\/div>\n\n<div class=\"pocket-title\">\n<span class=\"vw-super-title\">\nPubli\u00e9 sur <a href=\"https:\/\/www.marks-iplaw.jp\/pandemic-japan-recession\/\" target=\"_blank\" rel=\"noopener noreferrer\">MARKS IP LAW FIRM \u00bb \u30d5\u30a3\u30fc\u30c9<\/a>\n<\/span>\n<\/div>\n\n<div class=\"pocket-excerpt\">\n<br>\nJapan\u2019s economy has slipped into recession for the first time since 2015 in the last quarter, putting the nation on course for its deepest slump as the coronavirus crisis ravages businesses and consumers. First-quarter GDP data revealed Japan\u2019s GDP shrinks 3.\n<\/div>\n<div style=\"clear:both\"><\/div>\n\n<\/div> <hr class=\"wp-block-separator\">\n\n<div class=\"pocket-post\">\n\n<h3>\n<a href=\"https:\/\/m-huffingtonpost-fr.cdn.ampproject.org\/c\/s\/m.huffingtonpost.fr\/amp\/entry\/combo-street-artist-accuse-melenchon-dutiliser-une-de-ses-oeuvres-sans-autorisation_fr_5eeb823cc5b6bbe0ca6d76c3\/\" target=\"_blank\" rel=\"noopener noreferrer\">Combo, street artist, accuse M\u00e9lenchon d&#039;utiliser une de ses oeuvres sans autorisation : Le HuffPost<\/a>\n<\/h3>\n\n<div class=\"pocket-thumbnail\" style=\"float:left;margin:50px\">\n<a href=\"https:\/\/m-huffingtonpost-fr.cdn.ampproject.org\/c\/s\/m.huffingtonpost.fr\/amp\/entry\/combo-street-artist-accuse-melenchon-dutiliser-une-de-ses-oeuvres-sans-autorisation_fr_5eeb823cc5b6bbe0ca6d76c3\/\" target=\"_blank\" rel=\"noopener noreferrer\"><img decoding=\"async\" src=\"\/\/image.thum.io\/get\/width\/300\/crop\/600\/https:\/\/m-huffingtonpost-fr.cdn.ampproject.org\/c\/s\/m.huffingtonpost.fr\/amp\/entry\/combo-street-artist-accuse-melenchon-dutiliser-une-de-ses-oeuvres-sans-autorisation_fr_5eeb823cc5b6bbe0ca6d76c3\/\" alt=\"Combo, street artist, accuse M\u00e9lenchon d&#039;utiliser une de ses oeuvres sans autorisation : Le HuffPost\"><\/a>\n<\/div>\n\n<div class=\"pocket-title\">\n<span class=\"vw-super-title\">\nPubli\u00e9 sur <a href=\"http:\/\/www.aol.com\" target=\"_blank\" rel=\"noopener noreferrer\">Le Huffington Post<\/a>\n<\/span>\n<\/div>\n\n<div class=\"pocket-excerpt\">\n<br>\nSTREET ART &#8211; Combo, street artist auteur de nombreuses fresques murales, accuse le dirigeant de LFI Jean-Luc M\u00e9lenchon d\u2019utiliser sans son autorisation une de ses oeuvres, repr\u00e9sentant une Marianne portant un drapeau tricolore, depuis 2017 dans des vid\u00e9os de campagne.\n<\/div>\n<div style=\"clear:both\"><\/div>\n\n<\/div> <hr class=\"wp-block-separator\">\n\n<div class=\"pocket-post\">\n\n<h3>\n<a href=\"https:\/\/magazine.interencheres.com\/materiels-professionnels\/mariage-les-marques-et-noms-de-domaine-du-groupe-pronuptia-aux-encheres-a-laval\/\" target=\"_blank\" rel=\"noopener noreferrer\">Mariage : les marques et noms de domaine du groupe Pronuptia aux ench\u00e8res \u00e0 Laval<\/a>\n<\/h3>\n\n<div class=\"pocket-thumbnail\" style=\"float:left;margin:50px\">\n<a href=\"https:\/\/magazine.interencheres.com\/materiels-professionnels\/mariage-les-marques-et-noms-de-domaine-du-groupe-pronuptia-aux-encheres-a-laval\/\" target=\"_blank\" rel=\"noopener noreferrer\"><img decoding=\"async\" src=\"\/\/image.thum.io\/get\/width\/300\/crop\/600\/https:\/\/magazine.interencheres.com\/materiels-professionnels\/mariage-les-marques-et-noms-de-domaine-du-groupe-pronuptia-aux-encheres-a-laval\/\" alt=\"\"><\/a>\n<\/div>\n\n<div class=\"pocket-title\">\n<span class=\"vw-super-title\">\nPubli\u00e9 sur <a href=\"https:\/\/magazine.interencheres.com\/materiels-professionnels\/\" target=\"_blank\" rel=\"noopener noreferrer\">Le magazine des ench\u00e8res \u00bb Flux de la cat\u00e9gorie Mat\u00e9riels professionnels<\/a>\n<\/span>\n<\/div>\n\n<div class=\"pocket-excerpt\">\n<br>\n\n<\/div>\n<div style=\"clear:both\"><\/div>\n\n<\/div> \n","protected":false},"excerpt":{"rendered":"<p>Voici notre moisson de liens et d&rsquo;articles au 13 ao\u00fbt 2020 : Famous Logos Redesigned As Fonts By Emanuele Abrate (58 Pics) Publi\u00e9 sur Bored Panda The Italian graphic designer, or logo guru, as one might say, Emanuele Abrate, shows what fonts some of the most popular brands chose to represent them by replacing names [&hellip;]<\/p>\n","protected":false},"author":1,"featured_media":18856,"comment_status":"open","ping_status":"open","sticky":false,"template":"","format":"standard","meta":{"_crdt_document":"","footnotes":""},"categories":[2,4,9],"tags":[],"class_list":{"0":"post-19461","1":"post","2":"type-post","3":"status-publish","4":"format-standard","5":"has-post-thumbnail","7":"category-vision-peripherique","8":"category-en-bref","9":"category-liens-rapides"},"aioseo_notices":[],"_links":{"self":[{"href":"http:\/\/pmdm.fr\/wp\/wp-json\/wp\/v2\/posts\/19461","targetHints":{"allow":["GET"]}}],"collection":[{"href":"http:\/\/pmdm.fr\/wp\/wp-json\/wp\/v2\/posts"}],"about":[{"href":"http:\/\/pmdm.fr\/wp\/wp-json\/wp\/v2\/types\/post"}],"author":[{"embeddable":true,"href":"http:\/\/pmdm.fr\/wp\/wp-json\/wp\/v2\/users\/1"}],"replies":[{"embeddable":true,"href":"http:\/\/pmdm.fr\/wp\/wp-json\/wp\/v2\/comments?post=19461"}],"version-history":[{"count":4,"href":"http:\/\/pmdm.fr\/wp\/wp-json\/wp\/v2\/posts\/19461\/revisions"}],"predecessor-version":[{"id":19465,"href":"http:\/\/pmdm.fr\/wp\/wp-json\/wp\/v2\/posts\/19461\/revisions\/19465"}],"wp:featuredmedia":[{"embeddable":true,"href":"http:\/\/pmdm.fr\/wp\/wp-json\/wp\/v2\/media\/18856"}],"wp:attachment":[{"href":"http:\/\/pmdm.fr\/wp\/wp-json\/wp\/v2\/media?parent=19461"}],"wp:term":[{"taxonomy":"category","embeddable":true,"href":"http:\/\/pmdm.fr\/wp\/wp-json\/wp\/v2\/categories?post=19461"},{"taxonomy":"post_tag","embeddable":true,"href":"http:\/\/pmdm.fr\/wp\/wp-json\/wp\/v2\/tags?post=19461"}],"curies":[{"name":"wp","href":"https:\/\/api.w.org\/{rel}","templated":true}]}}