{"id":21260,"date":"2022-03-12T21:02:13","date_gmt":"2022-03-12T20:02:13","guid":{"rendered":"http:\/\/pmdm.fr\/wp\/?p=21260"},"modified":"2022-03-14T18:34:25","modified_gmt":"2022-03-14T17:34:25","slug":"depots-de-marques-en-union-europeenne-en-relation-avec-le-conflit-russo-ukrainien","status":"publish","type":"post","link":"http:\/\/pmdm.fr\/wp\/2022\/03\/depots-de-marques-en-union-europeenne-en-relation-avec-le-conflit-russo-ukrainien\/","title":{"rendered":"D\u00e9p\u00f4ts de marques en Union Europ\u00e9enne en relation avec le conflit russo-ukrainien"},"content":{"rendered":"\n<p class=\"wp-block-paragraph\">Plusieurs demandes de marques exprimant sans ambage des messages condamnant Vladimir Poutine et soutenant Volodymyr Zelensky ont \u00e9t\u00e9 d\u00e9pos\u00e9es \u00e0 l&rsquo;EUIPO (et <a href=\"https:\/\/www.linkedin.com\/feed\/update\/urn:li:activity:6907300556738838528\/\">rep\u00e9r\u00e9s par Guillaume Marchais<\/a>), quelques jours apr\u00e8s l&rsquo;<a href=\"https:\/\/fr.wikipedia.org\/wiki\/Invasion_de_l%27Ukraine_par_la_Russie_en_2022\">invasion d\u00e9clench\u00e9e le 24 f\u00e9vrier 2022<\/a>. <\/p>\n\n\n\n<p class=\"wp-block-paragraph\">Les vagues de d\u00e9p\u00f4ts de marques qui apparaissent comme des r\u00e9actions directes \u00e0 des \u00e9v\u00e8nements, voire qui s&#8217;emparent d&rsquo;un bruit m\u00e9diatique, sont devenues un ph\u00e9nom\u00e8ne courant et sans lien r\u00e9el avec la fonction des marques. <\/p>\n\n\n\n<p class=\"wp-block-paragraph\">Ceci parait bien futile au regard de la gravit\u00e9 de la situation. On notera simplement, dans le cas pr\u00e9sent, que l&rsquo;une des particularit\u00e9s r\u00e9side dans le libell\u00e9 qui identifie les services revendiqu\u00e9s, traduisant le fait que ces d\u00e9p\u00f4ts n&rsquo;ont aucune vocation \u00e0 devenir des signes identifiant l&rsquo;origine commerciale de produits ou de services, mais \u00e0 exprimer un message &#8211; bousculant pour cela les contenus pr\u00e9d\u00e9finis de la classification de Nice -. <\/p>\n\n\n\n<p class=\"wp-block-paragraph\"><\/p>\n\n\n\n<div class=\"wp-block-columns are-vertically-aligned-top has-pale-cyan-blue-background-color has-background is-layout-flex wp-container-core-columns-is-layout-8f761849 wp-block-columns-is-layout-flex\">\n<div class=\"wp-block-column is-vertically-aligned-top is-layout-flow wp-block-column-is-layout-flow\" style=\"flex-basis:33.33%\">\n<p class=\"wp-block-paragraph\"><a href=\"https:\/\/euipo.europa.eu\/eSearch\/#details\/trademarks\/018666857\">Demande de marque de l&rsquo;UE n\u00b0<strong>018666857<\/strong> du 3 mars 2022<\/a><\/p>\n\n\n\n<p class=\"wp-block-paragraph\">visant :<\/p>\n\n\n\n<p class=\"wp-block-paragraph\">en classe <strong>45 <\/strong>: <em>Safety, rescue, security and enforcement services; Standing up to a megalomaniac dictator; Defeating Putin; Defending democracy.<\/em><\/p>\n<\/div>\n\n\n\n<div class=\"wp-block-column is-vertically-aligned-top is-layout-flow wp-block-column-is-layout-flow\" style=\"flex-basis:66.66%\">\n<div class=\"wp-block-envirra-image-grid vw-image-grid vw-image-grid-layout-grid-1 vw-image-grid-hover-none vw-image-grid-auto-height\" style=\"--vw-image-grid-height:350px\" itemscope itemtype=\"http:\/\/schema.org\/ImageGallery\"><div class=\"vw-image-grid-item\"><figure itemprop=\"associatedMedia\" itemscope itemtype=\"http:\/\/schema.org\/ImageObject\"><div><img loading=\"lazy\" loading=\"lazy\" decoding=\"async\" width=\"653\" height=\"390\" src=\"http:\/\/pmdm.fr\/wp\/wp-content\/uploads\/2022\/03\/EM500000018666857.jpg\" alt=\"\" data-id=\"21263\" data-full-url=\"http:\/\/pmdm.fr\/wp\/wp-content\/uploads\/2022\/03\/EM500000018666857.jpg\" data-link=\"http:\/\/pmdm.fr\/wp\/?attachment_id=21263\" class=\"wp-image-21263\" itemprop=\"thumbnail\" srcset=\"http:\/\/pmdm.fr\/wp\/wp-content\/uploads\/2022\/03\/EM500000018666857.jpg 653w, http:\/\/pmdm.fr\/wp\/wp-content\/uploads\/2022\/03\/EM500000018666857-300x179.jpg 300w\" sizes=\"auto, (max-width: 653px) 100vw, 653px\" \/><\/div><\/figure><\/div><\/div>\n<\/div>\n<\/div>\n\n\n\n<div class=\"wp-block-columns has-pale-cyan-blue-background-color has-background is-layout-flex wp-container-core-columns-is-layout-8f761849 wp-block-columns-is-layout-flex\">\n<div class=\"wp-block-column is-layout-flow wp-block-column-is-layout-flow\" style=\"flex-basis:33.33%\">\n<p class=\"wp-block-paragraph\"><a href=\"https:\/\/euipo.europa.eu\/eSearch\/#details\/trademarks\/018666817\">Demande de marque de l&rsquo;UE n\u00b0<strong>018666817 <\/strong>du 4 mars 2022<\/a><\/p>\n\n\n\n<p class=\"wp-block-paragraph\">visant :<br><br>en classe <strong>13 <\/strong>: <em>Aerial bombs; thermobaric bombs directed against civilian population.<\/em><br>en classe <strong>45 <\/strong>: <em>Invasion of foreign countries; War crimes; Crimes against humanity.<\/em><\/p>\n<\/div>\n\n\n\n<div class=\"wp-block-column is-layout-flow wp-block-column-is-layout-flow\" style=\"flex-basis:66.66%\">\n<div class=\"wp-block-envirra-image-grid vw-image-grid vw-image-grid-layout-grid-1 vw-image-grid-hover-none vw-image-grid-auto-height\" style=\"--vw-image-grid-height:350px\" itemscope itemtype=\"http:\/\/schema.org\/ImageGallery\"><div class=\"vw-image-grid-item\"><figure itemprop=\"associatedMedia\" itemscope itemtype=\"http:\/\/schema.org\/ImageObject\"><div><img loading=\"lazy\" loading=\"lazy\" decoding=\"async\" width=\"768\" height=\"576\" src=\"http:\/\/pmdm.fr\/wp\/wp-content\/uploads\/2022\/03\/EM500000018666817-768x576.jpg\" alt=\"\" data-id=\"21261\" data-full-url=\"http:\/\/pmdm.fr\/wp\/wp-content\/uploads\/2022\/03\/EM500000018666817.jpg\" data-link=\"http:\/\/pmdm.fr\/wp\/?attachment_id=21261\" class=\"wp-image-21261\" itemprop=\"thumbnail\" srcset=\"http:\/\/pmdm.fr\/wp\/wp-content\/uploads\/2022\/03\/EM500000018666817-768x576.jpg 768w, http:\/\/pmdm.fr\/wp\/wp-content\/uploads\/2022\/03\/EM500000018666817-300x225.jpg 300w, http:\/\/pmdm.fr\/wp\/wp-content\/uploads\/2022\/03\/EM500000018666817.jpg 960w\" sizes=\"auto, (max-width: 768px) 100vw, 768px\" \/><\/div><\/figure><\/div><\/div>\n<\/div>\n<\/div>\n\n\n\n<div class=\"wp-block-columns has-pale-cyan-blue-background-color has-background is-layout-flex wp-container-core-columns-is-layout-8f761849 wp-block-columns-is-layout-flex\">\n<div class=\"wp-block-column is-layout-flow wp-block-column-is-layout-flow\" style=\"flex-basis:33.33%\">\n<p class=\"wp-block-paragraph\"><a href=\"https:\/\/euipo.europa.eu\/eSearch\/#details\/trademarks\/018664926\">Demande de marque de l&rsquo;UE n\u00b0018664926 du 2 mars 2022<\/a><\/p>\n\n\n\n<p class=\"wp-block-paragraph\">visant :<\/p>\n\n\n\n<p class=\"wp-block-paragraph\">en classe <strong>13<\/strong> : <em>Aerial bombs; thermobaric bombs directed against civilian population.<\/em><\/p>\n\n\n\n<p class=\"wp-block-paragraph\">en classe <strong>41<\/strong> ; <em>Information services, namely providing propaganda and suppressing free media.<\/em><\/p>\n\n\n\n<p class=\"wp-block-paragraph\">en classe <strong>45<\/strong> : <em>Invasion of foreign countries; War crimes; Crimes against humanity.<\/em><\/p>\n<\/div>\n\n\n\n<div class=\"wp-block-column is-layout-flow wp-block-column-is-layout-flow\" style=\"flex-basis:66.66%\">\n<div class=\"wp-block-envirra-image-grid vw-image-grid vw-image-grid-layout-grid-1 vw-image-grid-hover-none\" style=\"--vw-image-grid-height:350px\" itemscope itemtype=\"http:\/\/schema.org\/ImageGallery\"><div class=\"vw-image-grid-item\"><figure itemprop=\"associatedMedia\" itemscope itemtype=\"http:\/\/schema.org\/ImageObject\"><div><img loading=\"lazy\" loading=\"lazy\" decoding=\"async\" width=\"579\" height=\"528\" src=\"http:\/\/pmdm.fr\/wp\/wp-content\/uploads\/2022\/03\/EM500000018664926.jpg\" alt=\"\" data-id=\"21262\" data-full-url=\"http:\/\/pmdm.fr\/wp\/wp-content\/uploads\/2022\/03\/EM500000018664926.jpg\" data-link=\"http:\/\/pmdm.fr\/wp\/?attachment_id=21262\" class=\"wp-image-21262\" itemprop=\"thumbnail\" srcset=\"http:\/\/pmdm.fr\/wp\/wp-content\/uploads\/2022\/03\/EM500000018664926.jpg 579w, http:\/\/pmdm.fr\/wp\/wp-content\/uploads\/2022\/03\/EM500000018664926-300x274.jpg 300w\" sizes=\"auto, (max-width: 579px) 100vw, 579px\" \/><\/div><\/figure><\/div><\/div>\n<\/div>\n<\/div>\n\n\n\n<p class=\"wp-block-paragraph\">Quant aux impacts du conflit sur la protection de la propri\u00e9t\u00e9 intellectuelle, il est \u00e0 noter pour l&rsquo;heure que :<\/p>\n\n\n\n<ul class=\"wp-block-list\"><li><a href=\"https:\/\/euipo.europa.eu\/ohimportal\/fr\/news?p_p_id=csnews_WAR_csnewsportlet&amp;p_p_lifecycle=0&amp;p_p_state=normal&amp;p_p_mode=view&amp;p_p_col_id=column-1&amp;p_p_col_count=2&amp;journalId=9237969&amp;journalRelatedId=manual\/\">les <\/a><strong><a href=\"https:\/\/euipo.europa.eu\/ohimportal\/fr\/news?p_p_id=csnews_WAR_csnewsportlet&amp;p_p_lifecycle=0&amp;p_p_state=normal&amp;p_p_mode=view&amp;p_p_col_id=column-1&amp;p_p_col_count=2&amp;journalId=9237969&amp;journalRelatedId=manual\/\">mesures prises par l&rsquo;EUIPO<\/a> <\/strong>incluent une extension d&rsquo;un mois \u00e0 compter du 24 f\u00e9vrier 2022 pour toutes les parties \u00e0 une proc\u00e9dure devant l&rsquo;Office ayant leur r\u00e9sidence ou leur si\u00e8ge social en Ukraine  <\/li><li>Selon le <a href=\"https:\/\/www.washingtonpost.com\/business\/2022\/03\/09\/russia-allows-patent-theft\/\">Washington Post (9 mars 2022)<\/a>, le <strong>minist\u00e8re russe du D\u00e9veloppement \u00e9conomique<\/strong> a d\u00e9clar\u00e9 la semaine derni\u00e8re que les autorit\u00e9s envisageaient de \u00ab\u00a0<em>supprimer les restrictions \u00e0 l&rsquo;utilisation de la propri\u00e9t\u00e9 intellectuelle contenue dans certains biens dont l&rsquo;approvisionnement en Russie est restreint<\/em>\u00ab\u00a0, selon l&rsquo;agence Tass (\u00ab\u00a0<em>Russia\u2019s Ministry of Economic Development said last week that authorities are considering \u201cremoving restrictions on the use of intellectual property contained in certain goods whose supply to Russia is restricted,\u201d according to Russian state news outlet Tass\u00a0\u00bb<\/em>).<br>Premi\u00e8re victime de ce chantage : le personnage Peppa Pig (<a href=\"https:\/\/www.mirror.co.uk\/news\/world-news\/putin-sanctions-peppa-pig-revenge-26452444\">The Mirror, 12 mars 2022<\/a>)<\/li><\/ul>\n\n\n\n<p class=\"wp-block-paragraph\">Sur ces deux aspects, voir le <a href=\"https:\/\/blip.education\/la-propriete-intellectuelle-a-lepreuve-de-la-guerre\">post de BLIP du 10 mars 2022<\/a> pour plus de d\u00e9tails.<\/p>\n","protected":false},"excerpt":{"rendered":"<p>Plusieurs demandes de marques exprimant sans ambage des messages condamnant Vladimir Poutine et soutenant Volodymyr Zelensky ont \u00e9t\u00e9 d\u00e9pos\u00e9es \u00e0 l&rsquo;EUIPO (et rep\u00e9r\u00e9s par Guillaume Marchais), quelques jours apr\u00e8s l&rsquo;invasion d\u00e9clench\u00e9e le 24 f\u00e9vrier 2022. Les vagues de d\u00e9p\u00f4ts de marques qui apparaissent comme des r\u00e9actions directes \u00e0 des \u00e9v\u00e8nements, voire qui s&#8217;emparent d&rsquo;un bruit [&hellip;]<\/p>\n","protected":false},"author":1,"featured_media":21269,"comment_status":"open","ping_status":"open","sticky":false,"template":"","format":"standard","meta":{"_crdt_document":"","footnotes":""},"categories":[2,18],"tags":[],"class_list":{"0":"post-21260","1":"post","2":"type-post","3":"status-publish","4":"format-standard","5":"has-post-thumbnail","7":"category-vision-peripherique","8":"category-signes-hors-du-commun"},"aioseo_notices":[],"_links":{"self":[{"href":"http:\/\/pmdm.fr\/wp\/wp-json\/wp\/v2\/posts\/21260","targetHints":{"allow":["GET"]}}],"collection":[{"href":"http:\/\/pmdm.fr\/wp\/wp-json\/wp\/v2\/posts"}],"about":[{"href":"http:\/\/pmdm.fr\/wp\/wp-json\/wp\/v2\/types\/post"}],"author":[{"embeddable":true,"href":"http:\/\/pmdm.fr\/wp\/wp-json\/wp\/v2\/users\/1"}],"replies":[{"embeddable":true,"href":"http:\/\/pmdm.fr\/wp\/wp-json\/wp\/v2\/comments?post=21260"}],"version-history":[{"count":20,"href":"http:\/\/pmdm.fr\/wp\/wp-json\/wp\/v2\/posts\/21260\/revisions"}],"predecessor-version":[{"id":21300,"href":"http:\/\/pmdm.fr\/wp\/wp-json\/wp\/v2\/posts\/21260\/revisions\/21300"}],"wp:featuredmedia":[{"embeddable":true,"href":"http:\/\/pmdm.fr\/wp\/wp-json\/wp\/v2\/media\/21269"}],"wp:attachment":[{"href":"http:\/\/pmdm.fr\/wp\/wp-json\/wp\/v2\/media?parent=21260"}],"wp:term":[{"taxonomy":"category","embeddable":true,"href":"http:\/\/pmdm.fr\/wp\/wp-json\/wp\/v2\/categories?post=21260"},{"taxonomy":"post_tag","embeddable":true,"href":"http:\/\/pmdm.fr\/wp\/wp-json\/wp\/v2\/tags?post=21260"}],"curies":[{"name":"wp","href":"https:\/\/api.w.org\/{rel}","templated":true}]}}