{"id":233,"date":"2005-07-28T18:50:43","date_gmt":"2005-07-28T18:50:43","guid":{"rendered":"http:\/\/92.243.1.184\/wordpress\/?p=233"},"modified":"2017-02-24T22:26:07","modified_gmt":"2017-02-24T21:26:07","slug":"e-distinctivite","status":"publish","type":"post","link":"http:\/\/pmdm.fr\/wp\/2005\/07\/e-distinctivite\/","title":{"rendered":"e-distinctivit\u00e9"},"content":{"rendered":"<blockquote><p>A lire sur DN\/ND! : <a href=\"http:\/\/domaine.blogspot.com\/2005\/07\/les-signes-commenant-par-e-sont-ils.html\" target=\"_blank\">Les signes commen\u00e7ant par \u00ab\u00a0e-\u00a0\u00bb sont-ils distinctifs ?<\/a> par C\u00e9dric Manara.<\/p><\/blockquote>\n<p align=\"justify\">A l&rsquo;occasion de la publication au JO d&rsquo;une Recommandation sur les \u00e9quivalents fran\u00e7ais du pr\u00e9fixe e- par la Commission g\u00e9n\u00e9rale de terminologie et de n\u00e9ologie, C\u00e9dric Manara revient sur quelques d\u00e9cisions dans lesquelles il \u00e9tait question du caract\u00e8re distinctif de signes comportant ce pr\u00e9fixe.<\/p>\n","protected":false},"excerpt":{"rendered":"<p>A lire sur DN\/ND! : Les signes commen\u00e7ant par \u00ab\u00a0e-\u00a0\u00bb sont-ils distinctifs ? par C\u00e9dric Manara. A l&rsquo;occasion de la publication au JO d&rsquo;une Recommandation sur les \u00e9quivalents fran\u00e7ais du pr\u00e9fixe e- par la Commission g\u00e9n\u00e9rale de terminologie et de n\u00e9ologie, C\u00e9dric Manara revient sur quelques d\u00e9cisions dans lesquelles il \u00e9tait question du caract\u00e8re distinctif [&hellip;]<\/p>\n","protected":false},"author":1,"featured_media":13402,"comment_status":"open","ping_status":"open","sticky":false,"template":"","format":"standard","meta":{"_crdt_document":"","footnotes":""},"categories":[2],"tags":[],"class_list":{"0":"post-233","1":"post","2":"type-post","3":"status-publish","4":"format-standard","5":"has-post-thumbnail","7":"category-vision-peripherique"},"aioseo_notices":[],"_links":{"self":[{"href":"http:\/\/pmdm.fr\/wp\/wp-json\/wp\/v2\/posts\/233","targetHints":{"allow":["GET"]}}],"collection":[{"href":"http:\/\/pmdm.fr\/wp\/wp-json\/wp\/v2\/posts"}],"about":[{"href":"http:\/\/pmdm.fr\/wp\/wp-json\/wp\/v2\/types\/post"}],"author":[{"embeddable":true,"href":"http:\/\/pmdm.fr\/wp\/wp-json\/wp\/v2\/users\/1"}],"replies":[{"embeddable":true,"href":"http:\/\/pmdm.fr\/wp\/wp-json\/wp\/v2\/comments?post=233"}],"version-history":[{"count":2,"href":"http:\/\/pmdm.fr\/wp\/wp-json\/wp\/v2\/posts\/233\/revisions"}],"predecessor-version":[{"id":13406,"href":"http:\/\/pmdm.fr\/wp\/wp-json\/wp\/v2\/posts\/233\/revisions\/13406"}],"wp:featuredmedia":[{"embeddable":true,"href":"http:\/\/pmdm.fr\/wp\/wp-json\/wp\/v2\/media\/13402"}],"wp:attachment":[{"href":"http:\/\/pmdm.fr\/wp\/wp-json\/wp\/v2\/media?parent=233"}],"wp:term":[{"taxonomy":"category","embeddable":true,"href":"http:\/\/pmdm.fr\/wp\/wp-json\/wp\/v2\/categories?post=233"},{"taxonomy":"post_tag","embeddable":true,"href":"http:\/\/pmdm.fr\/wp\/wp-json\/wp\/v2\/tags?post=233"}],"curies":[{"name":"wp","href":"https:\/\/api.w.org\/{rel}","templated":true}]}}