{"id":5238,"date":"2010-11-22T19:34:17","date_gmt":"2010-11-22T17:34:17","guid":{"rendered":"http:\/\/www.pmdm.fr\/wp\/?p=5238"},"modified":"2017-02-23T22:46:25","modified_gmt":"2017-02-23T21:46:25","slug":"internet-et-droit-des-marques-quelle-politique-pour-les-entreprises","status":"publish","type":"post","link":"http:\/\/pmdm.fr\/wp\/2010\/11\/internet-et-droit-des-marques-quelle-politique-pour-les-entreprises\/","title":{"rendered":"INTERNET ET DROIT DES MARQUES Quelle politique pour les entreprises ?"},"content":{"rendered":"<p style=\"text-align: left;\">Le mardi 30 novembre 2010, j&rsquo;interviendrai aux cot\u00e9s de Michel Vivant, Marianne Schaffner et Nathalie Dreyfus dans le cadre du petit d\u00e9jeuner organis\u00e9 par La Lettre des Juristes d&rsquo;Affaires. Le th\u00e8me de ces discussions est : \u00ab\u00a0<em>INTERNET ET DROIT DES MARQUES Quelle politique pour les entreprises ?<\/em>\u00ab\u00a0.<\/p>\n<p style=\"text-align: center;\"><a href=\"http:\/\/www.pmdm.fr\/wp\/wp-content\/uploads\/2010\/11\/zrclip_001n41184504.png\"><img loading=\"lazy\" loading=\"lazy\" decoding=\"async\" class=\"aligncenter\" style=\"width: 304px; height: 400px;\" src=\"http:\/\/www.pmdm.fr\/wp\/wp-content\/uploads\/2010\/11\/zrtn_002p268872ae_tn.jpg\" alt=\"\" width=\"304\" height=\"400\" \/><\/a><\/p>\n<p style=\"margin: 0cm 0cm 0pt; mso-layout-grid-align: none;\"><strong>Programme de la matin\u00e9e :<\/strong><\/p>\n<p style=\"margin: 0cm 0cm 0pt; padding-left: 30px;\"><strong>Mardi 30 novembre 2010<\/strong> &#8211; 9h00 &#8211; 11h30<\/p>\n<p style=\"margin: 0cm 0cm 0pt; padding-left: 30px;\"><strong>INTERNET ET ATTEINTES AUX MARQUES :<\/strong><\/p>\n<p style=\"margin: 0cm 0cm 0pt; padding-left: 30px;\"><strong>QUELLES SONT LES PRINCIPALES SITUATIONS DE CONFLITS ?<\/strong><\/p>\n<p style=\"margin: 0cm 0cm 0pt; padding-left: 30px;\">Les situations \u00ab classiques \u00bb et les conditions d&rsquo;application du droit des marques :<\/p>\n<p style=\"margin: 0cm 0cm 0pt; padding-left: 30px;\">&#8211; Au niveau de l&rsquo;enregistrement et de l&rsquo;exploitation des noms de domaine<\/p>\n<p style=\"margin: 0cm 0cm 0pt; padding-left: 30px;\">&#8211; Au niveau de l&rsquo;utilisation des marques en ligne (sur les sites internet)<\/p>\n<p style=\"margin: 0cm 0cm 0pt; padding-left: 30px;\">Les formes sp\u00e9cifiques d&rsquo;atteinte aux marques sur internet :<\/p>\n<p style=\"margin: 0cm 0cm 0pt; padding-left: 30px;\">&#8211; Cybersquatting\/ Typosquatting \/ Position squatting\u2026<\/p>\n<p style=\"margin: 0cm 0cm 0pt; padding-left: 30px;\">&#8211; Liens sponsoris\u00e9s et usage non autoris\u00e9 de la marque d&rsquo;un tiers : l&rsquo;exemple du service Adwords de Google<\/p>\n<p style=\"margin: 0cm 0cm 0pt; padding-left: 30px;\">&#8211; La solution de l&rsquo;arr\u00eat de la CJUE du 23 mars 2010 et son interpr\u00e9tation par les d\u00e9cisions de la Cour de cassation du 13 juillet 2010<\/p>\n<p style=\"margin: 0cm 0cm 0pt; padding-left: 30px;\"><strong><br \/>\nQUELS MODES DE PROTECTION DES MARQUES ?<\/strong><\/p>\n<p style=\"margin: 0cm 0cm 0pt; padding-left: 30px;\">La protection en amont : la valorisation du portefeuille des noms de domaine<\/p>\n<p style=\"margin: 0cm 0cm 0pt; padding-left: 30px;\">&#8211; Cr\u00e9ation et gestion<\/p>\n<p style=\"margin: 0cm 0cm 0pt; padding-left: 30px;\">La protection en aval : la gestion des litiges<\/p>\n<p style=\"margin: 0cm 0cm 0pt; padding-left: 30px;\">&#8211; Les strat\u00e9gies \u00e0 mettre en place (surveillance de noms de domaine,<\/p>\n<p style=\"margin: 0cm 0cm 0pt; padding-left: 30px;\">des adwords et des r\u00e9seaux sociaux\u2026)<\/p>\n<p style=\"margin: 0cm 0cm 0pt; padding-left: 30px;\">&#8211; Proc\u00e9dures judiciaires (r\u00e9gime juridique du nom de domaine\u2026)<\/p>\n<p style=\"margin: 0cm 0cm 0pt; padding-left: 30px;\">&#8211; Proc\u00e9dures extrajudiciaires (Proc\u00e9dure UDRP et ADR, PARL du &lt;.fr&gt; et la PREDEC\u2026)<\/p>\n<p style=\"text-align: left;\"><strong>Informations et inscription :<\/strong><\/p>\n<p style=\"padding-left: 30px;\">Wolters Kluwer France<br \/>\nCase Postale 410 &#8211; 1, rue Eug\u00e8ne et Armand Peugeot<br \/>\n92856 Rueil-Malmaison cedex &#8211; E-mail : <a href=\"mailto:matineesdebats@lamy.fr\">matineesdebats@lamy.fr<\/a><\/p>\n<p style=\"padding-left: 30px;\">T\u00e9l. : <a href=\"http:\/\/www.pmdm.fr\/wp\/wp-content\/uploads\/2010\/11\/zrclip_005p3e3b789a.png\"><img loading=\"lazy\" loading=\"lazy\" decoding=\"async\" src=\"http:\/\/www.pmdm.fr\/wp\/wp-content\/uploads\/2010\/11\/zrtn_006n36d6ee36_tn.jpg\" alt=\"\" width=\"135\" height=\"22\" \/><\/a> &#8211; Fax : 01 76 73 48 32<\/p>\n","protected":false},"excerpt":{"rendered":"<p>Le mardi 30 novembre 2010, j&rsquo;interviendrai aux cot\u00e9s de Michel Vivant, Marianne Schaffner et Nathalie Dreyfus dans le cadre du petit d\u00e9jeuner organis\u00e9 par La Lettre des Juristes d&rsquo;Affaires. Le th\u00e8me de ces discussions est : \u00ab\u00a0INTERNET ET DROIT DES MARQUES Quelle politique pour les entreprises ?\u00ab\u00a0. Programme de la matin\u00e9e : Mardi 30 novembre [&hellip;]<\/p>\n","protected":false},"author":1,"featured_media":13366,"comment_status":"open","ping_status":"open","sticky":false,"template":"","format":"standard","meta":{"_crdt_document":"","footnotes":""},"categories":[39],"tags":[],"class_list":{"0":"post-5238","1":"post","2":"type-post","3":"status-publish","4":"format-standard","5":"has-post-thumbnail","7":"category-formations"},"aioseo_notices":[],"_links":{"self":[{"href":"http:\/\/pmdm.fr\/wp\/wp-json\/wp\/v2\/posts\/5238","targetHints":{"allow":["GET"]}}],"collection":[{"href":"http:\/\/pmdm.fr\/wp\/wp-json\/wp\/v2\/posts"}],"about":[{"href":"http:\/\/pmdm.fr\/wp\/wp-json\/wp\/v2\/types\/post"}],"author":[{"embeddable":true,"href":"http:\/\/pmdm.fr\/wp\/wp-json\/wp\/v2\/users\/1"}],"replies":[{"embeddable":true,"href":"http:\/\/pmdm.fr\/wp\/wp-json\/wp\/v2\/comments?post=5238"}],"version-history":[{"count":2,"href":"http:\/\/pmdm.fr\/wp\/wp-json\/wp\/v2\/posts\/5238\/revisions"}],"predecessor-version":[{"id":13368,"href":"http:\/\/pmdm.fr\/wp\/wp-json\/wp\/v2\/posts\/5238\/revisions\/13368"}],"wp:featuredmedia":[{"embeddable":true,"href":"http:\/\/pmdm.fr\/wp\/wp-json\/wp\/v2\/media\/13366"}],"wp:attachment":[{"href":"http:\/\/pmdm.fr\/wp\/wp-json\/wp\/v2\/media?parent=5238"}],"wp:term":[{"taxonomy":"category","embeddable":true,"href":"http:\/\/pmdm.fr\/wp\/wp-json\/wp\/v2\/categories?post=5238"},{"taxonomy":"post_tag","embeddable":true,"href":"http:\/\/pmdm.fr\/wp\/wp-json\/wp\/v2\/tags?post=5238"}],"curies":[{"name":"wp","href":"https:\/\/api.w.org\/{rel}","templated":true}]}}