{"id":687,"date":"2007-03-23T15:54:00","date_gmt":"2007-03-23T15:54:00","guid":{"rendered":"http:\/\/92.243.1.184\/wordpress\/?p=687"},"modified":"2007-03-23T15:54:00","modified_gmt":"2007-03-23T15:54:00","slug":"livre-de-la-semaine-marques-et-usurpation-de-signes-de-la-personnalite-par-fabienne-daize","status":"publish","type":"post","link":"http:\/\/pmdm.fr\/wp\/2007\/03\/livre-de-la-semaine-marques-et-usurpation-de-signes-de-la-personnalite-par-fabienne-daize\/","title":{"rendered":"Livre de la semaine : Marques et usurpation de signes de la personnalit\u00e9, par Fabienne DAIZ\u00c9"},"content":{"rendered":"<p align=\"center\"> <iframe src=\"http:\/\/rcm-fr.amazon.fr\/e\/cm?t=lepetitmuse07-21&amp;o=8&amp;p=8&amp;l=as1&amp;asins=2711008142&amp;fc1=000000&amp;IS2=1&amp;lt1=_blank&amp;lc1=0000FF&amp;bc1=000000&amp;bg1=FFFFFF&amp;f=ifr\" style=\"width: 120px; height: 240px;\" marginwidth=\"0\" marginheight=\"0\" frameborder=\"0\" scrolling=\"no\"><\/iframe> <\/p>\n<div align=\"center\"> <\/div>\n<p align=\"justify\"><span class=\"titre_red_gras\">MARQUES ET USURPATION DE SIGNES DE LA PERSONNALIT\u00c9 <\/span>   <br \/>par Fabienne DAIZ\u00c9 <b>   <br \/><\/b>Pr\u00e9face de Yves REBOUL <\/p>\n<p align=\"justify\"><b>Pr\u00e9sentation par l&rsquo;\u00e9diteur :   <br \/><\/b> <\/p>\n<div align=\"justify\">\n<blockquote><p><font color=\"#0a0caa\">Tout comme Bordas, Ducasse, De Coubertin ou De la Fressange\u2026 les noms c\u00e9l\u00e8bres, v\u00e9ritables \u00absignes de la personnalit\u00e9\u00bb, sont aujourd\u2019hui de plus en plus utilis\u00e9s dans la vie des affaires, \u00e0 titre de marques, pour d\u00e9signer des produits ou services vari\u00e9s. Ils peuvent \u00eatre usurp\u00e9s, c\u2019est-\u00e0-dire enregistr\u00e9s en fraude des droits de leur titulaire, et sont donc l\u2019objet de litiges lorsque se pose la d\u00e9licate question de la coexistence entre marques et droits de la personnalit\u00e9. Quelles sont les conditions du succ\u00e8s de telles actions ? Sur quel fondement est-il possible d\u2019agir ? Quelles sont les atteintes \u00e0 sanctionner ? Toutes les questions sont dans cet ouvrage &#8230;&nbsp;toutes les r\u00e9ponses aussi ! <\/font>     \n   <\/p><\/blockquote><\/div>\n<p align=\"center\"> <a href=\"http:\/\/www.amazon.fr\/dp\/2711008142?tag=lepetitmuse07-21&amp;camp=1414&amp;creative=6410&amp;linkCode=as1&amp;creativeASIN=2711008142&amp;adid=0G5Q0X9R54C3G3YP1K4T&amp;\">   <img decoding=\"async\" src=\"http:\/\/www.irpi.ccip.fr\/fichiers\/img\/Litec_28.jpg\" \/><\/a> <\/p>\n","protected":false},"excerpt":{"rendered":"<p>MARQUES ET USURPATION DE SIGNES DE LA PERSONNALIT\u00c9 par Fabienne DAIZ\u00c9 Pr\u00e9face de Yves REBOUL Pr\u00e9sentation par l&rsquo;\u00e9diteur : Tout comme Bordas, Ducasse, De Coubertin ou De la Fressange\u2026 les noms c\u00e9l\u00e8bres, v\u00e9ritables \u00absignes de la personnalit\u00e9\u00bb, sont aujourd\u2019hui de plus en plus utilis\u00e9s dans la vie des affaires, \u00e0 titre de marques, pour d\u00e9signer [&hellip;]<\/p>\n","protected":false},"author":1,"featured_media":13966,"comment_status":"open","ping_status":"open","sticky":false,"template":"","format":"standard","meta":{"_crdt_document":"","footnotes":""},"categories":[2],"tags":[202],"class_list":{"0":"post-687","1":"post","2":"type-post","3":"status-publish","4":"format-standard","5":"has-post-thumbnail","7":"category-vision-peripherique","8":"tag-livre"},"aioseo_notices":[],"_links":{"self":[{"href":"http:\/\/pmdm.fr\/wp\/wp-json\/wp\/v2\/posts\/687","targetHints":{"allow":["GET"]}}],"collection":[{"href":"http:\/\/pmdm.fr\/wp\/wp-json\/wp\/v2\/posts"}],"about":[{"href":"http:\/\/pmdm.fr\/wp\/wp-json\/wp\/v2\/types\/post"}],"author":[{"embeddable":true,"href":"http:\/\/pmdm.fr\/wp\/wp-json\/wp\/v2\/users\/1"}],"replies":[{"embeddable":true,"href":"http:\/\/pmdm.fr\/wp\/wp-json\/wp\/v2\/comments?post=687"}],"version-history":[{"count":0,"href":"http:\/\/pmdm.fr\/wp\/wp-json\/wp\/v2\/posts\/687\/revisions"}],"wp:featuredmedia":[{"embeddable":true,"href":"http:\/\/pmdm.fr\/wp\/wp-json\/wp\/v2\/media\/13966"}],"wp:attachment":[{"href":"http:\/\/pmdm.fr\/wp\/wp-json\/wp\/v2\/media?parent=687"}],"wp:term":[{"taxonomy":"category","embeddable":true,"href":"http:\/\/pmdm.fr\/wp\/wp-json\/wp\/v2\/categories?post=687"},{"taxonomy":"post_tag","embeddable":true,"href":"http:\/\/pmdm.fr\/wp\/wp-json\/wp\/v2\/tags?post=687"}],"curies":[{"name":"wp","href":"https:\/\/api.w.org\/{rel}","templated":true}]}}