{"id":957,"date":"2008-04-16T10:55:32","date_gmt":"2008-04-16T09:55:32","guid":{"rendered":"http:\/\/www.pmdm.fr\/wp\/?p=957"},"modified":"2017-02-07T19:48:37","modified_gmt":"2017-02-07T18:48:37","slug":"sur-france-inter-la-contrefacon-un-crime-organise","status":"publish","type":"post","link":"http:\/\/pmdm.fr\/wp\/2008\/04\/sur-france-inter-la-contrefacon-un-crime-organise\/","title":{"rendered":"Sur France Inter : la contrefa\u00e7on, un crime organis\u00e9 ?"},"content":{"rendered":"<div class=\"post-content\">\n<p>L&rsquo;\u00e9mission <a href=\"http:\/\/www.radiofrance.fr\/franceinter\/em\/servicepublic\/\" hreflang=\"fr\"><strong>Service Public<\/strong><\/a> du mercredi 16 avril 2008, anim\u00e9e par Isabelle Giordano et diffus\u00e9e sur France Inter de 10h \u00e0 11h, est consacr\u00e9e \u00e0 la contrefa\u00e7on.<\/p>\n<blockquote><p>\u00ab\u00a0La contrefa\u00e7on &#8211; un crime organis\u00e9?\u00a0\u00bb<\/p>\n<div><!--xxxxx --><\/div>\n<p>invit\u00e9s :<\/p>\n<p>Pierre Delval, ex haut responsable de la police scientifique &amp; conseiller pour la lutte contre la contrefa\u00e7on aupr\u00e8s du vice-pr\u00e9sident de l\u2019Assembl\u00e9e parlementaire du Conseil de l&rsquo;Europe<\/p>\n<p>Marc-Antoine Jamet, Pr\u00e9sident de l\u2019union des fabricants<\/p><\/blockquote>\n<\/div>\n","protected":false},"excerpt":{"rendered":"<p>L&rsquo;\u00e9mission Service Public du mercredi 16 avril 2008, anim\u00e9e par Isabelle Giordano et diffus\u00e9e sur France Inter de 10h \u00e0 11h, est consacr\u00e9e \u00e0 la contrefa\u00e7on. \u00ab\u00a0La contrefa\u00e7on &#8211; un crime organis\u00e9?\u00a0\u00bb invit\u00e9s : Pierre Delval, ex haut responsable de la police scientifique &amp; conseiller pour la lutte contre la contrefa\u00e7on aupr\u00e8s du vice-pr\u00e9sident de [&hellip;]<\/p>\n","protected":false},"author":1,"featured_media":12561,"comment_status":"open","ping_status":"open","sticky":false,"template":"","format":"standard","meta":{"_crdt_document":"","footnotes":""},"categories":[2],"tags":[],"class_list":{"0":"post-957","1":"post","2":"type-post","3":"status-publish","4":"format-standard","5":"has-post-thumbnail","7":"category-vision-peripherique"},"aioseo_notices":[],"_links":{"self":[{"href":"http:\/\/pmdm.fr\/wp\/wp-json\/wp\/v2\/posts\/957","targetHints":{"allow":["GET"]}}],"collection":[{"href":"http:\/\/pmdm.fr\/wp\/wp-json\/wp\/v2\/posts"}],"about":[{"href":"http:\/\/pmdm.fr\/wp\/wp-json\/wp\/v2\/types\/post"}],"author":[{"embeddable":true,"href":"http:\/\/pmdm.fr\/wp\/wp-json\/wp\/v2\/users\/1"}],"replies":[{"embeddable":true,"href":"http:\/\/pmdm.fr\/wp\/wp-json\/wp\/v2\/comments?post=957"}],"version-history":[{"count":3,"href":"http:\/\/pmdm.fr\/wp\/wp-json\/wp\/v2\/posts\/957\/revisions"}],"predecessor-version":[{"id":12726,"href":"http:\/\/pmdm.fr\/wp\/wp-json\/wp\/v2\/posts\/957\/revisions\/12726"}],"wp:featuredmedia":[{"embeddable":true,"href":"http:\/\/pmdm.fr\/wp\/wp-json\/wp\/v2\/media\/12561"}],"wp:attachment":[{"href":"http:\/\/pmdm.fr\/wp\/wp-json\/wp\/v2\/media?parent=957"}],"wp:term":[{"taxonomy":"category","embeddable":true,"href":"http:\/\/pmdm.fr\/wp\/wp-json\/wp\/v2\/categories?post=957"},{"taxonomy":"post_tag","embeddable":true,"href":"http:\/\/pmdm.fr\/wp\/wp-json\/wp\/v2\/tags?post=957"}],"curies":[{"name":"wp","href":"https:\/\/api.w.org\/{rel}","templated":true}]}}